{"id":1,"date":"2026-04-28T11:10:37","date_gmt":"2026-04-28T11:10:37","guid":{"rendered":"http:\/\/celinepiters.fr\/?p=1"},"modified":"2026-04-28T16:24:41","modified_gmt":"2026-04-28T14:24:41","slug":"hello-world","status":"publish","type":"post","link":"https:\/\/www.celinepiters.fr\/index.php\/2026\/04\/28\/hello-world\/","title":{"rendered":""},"content":{"rendered":"\n<figure class=\"wp-block-image size-large\"><img loading=\"lazy\" decoding=\"async\" width=\"1024\" height=\"1024\" src=\"https:\/\/celinepiters.fr\/wp-content\/uploads\/2026\/04\/589947649_18396001900131030_2859213815185737222_n-1024x1024.jpg\" alt=\"\" class=\"wp-image-13\" srcset=\"https:\/\/www.celinepiters.fr\/wp-content\/uploads\/2026\/04\/589947649_18396001900131030_2859213815185737222_n-1024x1024.jpg 1024w, https:\/\/www.celinepiters.fr\/wp-content\/uploads\/2026\/04\/589947649_18396001900131030_2859213815185737222_n-300x300.jpg 300w, https:\/\/www.celinepiters.fr\/wp-content\/uploads\/2026\/04\/589947649_18396001900131030_2859213815185737222_n-150x150.jpg 150w, https:\/\/www.celinepiters.fr\/wp-content\/uploads\/2026\/04\/589947649_18396001900131030_2859213815185737222_n-768x768.jpg 768w, https:\/\/www.celinepiters.fr\/wp-content\/uploads\/2026\/04\/589947649_18396001900131030_2859213815185737222_n.jpg 1080w\" sizes=\"auto, (max-width: 1024px) 100vw, 1024px\" \/><\/figure>\n\n\n\n<p>Naturopathe vitaliste, j\u2019accompagne les personnes confront\u00e9es au cancer, aux maladies chroniques ou auto-immunes, ainsi que leurs proches. J\u2019accompagne \u00e9galement celles et ceux traversant un deuil ou une p\u00e9riode de transition de vie, comme un changement professionnel, familial ou personnel important. Mon approche repose sur l\u2019\u00e9coute, l\u2019observation et l\u2019accompagnement global de la personne, en prenant en compte ses dimensions physique, \u00e9motionnelle et \u00e9nerg\u00e9tique. L\u2019objectif est d\u2019offrir un soutien adapt\u00e9, compl\u00e9mentaire au suivi m\u00e9dical, afin de permettre \u00e0 chacun de rester acteur de son parcours de soins, tout en pr\u00e9servant et en am\u00e9liorant sa qualit\u00e9 de vie. Chaque accompagnement est individualis\u00e9, structur\u00e9 et vise des r\u00e9sultats mesurables et durables, dans le respect du rythme et des besoins de la personne.<\/p>\n\n\n\n<p>Les consultations peuvent se d\u00e9rouler en cabinet, en institution ou \u00e0 domicile lorsque la mobilit\u00e9 de la personne est limit\u00e9e. Cette flexibilit\u00e9 permet d\u2019assurer un suivi adapt\u00e9, quel que soit le contexte et les contraintes rencontr\u00e9es.<\/p>\n\n\n\n<p><img decoding=\"async\" src=\"https:\/\/cdn.jsdelivr.net\/gh\/twitter\/twemoji@14.0.2\/assets\/72x72\/1f539.png\" alt=\"\ud83d\udd39\">\u00a0 Un minimum de trois consultations est recommand\u00e9 pour instaurer un accompagnement efficace :<\/p>\n\n\n\n<ul class=\"wp-block-list\">\n<li><strong>Premi\u00e8re consultation (2 heures)<\/strong>&nbsp;: r\u00e9alisation d\u2019une anamn\u00e8se compl\u00e8te, observation des iris (Iridologie), des pieds et de la posture face\/profil (Morpho-physio\/Morpho-psycho), et \u00e9change approfondi sur les objectifs et attentes de la personne. Le test de L\u00fcscher peut \u00eatre utilis\u00e9 si n\u00e9cessaire pour affiner la compr\u00e9hension du profil \u00e9motionnel.<\/li>\n\n\n\n<li><strong>Deuxi\u00e8me consultation (2 heures)<\/strong>&nbsp;: explication et mise en place du protocole personnalis\u00e9, notamment alimentaire et hygi\u00e9no-di\u00e9t\u00e9tique, en lien avec les probl\u00e9matiques et objectifs identifi\u00e9s lors du premier rendez-vous. Cette \u00e9tape permet de clarifier les actions \u00e0 mettre en place et de r\u00e9pondre aux questions \u00e9ventuelles.<\/li>\n\n\n\n<li><strong>Troisi\u00e8me consultation et suivantes (1 heure)<\/strong>&nbsp;: suivi et ajustement du protocole selon les r\u00e9sultats obtenus, consolidation des acquis et approfondissement des axes de travail identifi\u00e9s. Ces consultations permettent de renforcer l\u2019autonomie et la confiance de la personne dans la gestion de sa sant\u00e9 et de son bien-\u00eatre.<\/li>\n<\/ul>\n\n\n\n<p><img decoding=\"async\" src=\"https:\/\/cdn.jsdelivr.net\/gh\/twitter\/twemoji@14.0.2\/assets\/72x72\/1f4e9.png\" alt=\"\ud83d\udce9\">\u00a0 Pour toute demande de renseignements, le contact peut se faire par mail.<br><img decoding=\"async\" src=\"https:\/\/cdn.jsdelivr.net\/gh\/twitter\/twemoji@14.0.2\/assets\/72x72\/1f4de.png\" alt=\"\ud83d\udcde\">\u00a0 La prise de rendez-vous s\u2019effectue sur <a href=\"https:\/\/www.resalib.fr\/praticien\/119389-celine-piters-naturopathe-bourbon-l-archambault\"><strong>Resalib<\/strong><\/a>, avec la possibilit\u00e9 de transmettre, par t\u00e9l\u00e9phone, les documents n\u00e9cessaires pour compl\u00e9ter l\u2019anamn\u00e8se avant la premi\u00e8re consultation.<\/p>\n\n\n\n<p>Cette approche globale et progressive permet \u00e0 chacun de b\u00e9n\u00e9ficier d\u2019un accompagnement complet, s\u00e9curisant et respectueux de son parcours personnel, tout en favorisant un mieux-\u00eatre durable et concret.<\/p>\n\n\n\n<blockquote class=\"wp-block-quote is-layout-flow wp-block-quote-is-layout-flow\">\n<p>Retrouvons ensemble le sens de la marche<\/p>\n\n\n\n<p>-C\u00e9line Piters<\/p>\n<\/blockquote>\n\n\n\n<hr class=\"wp-block-separator has-alpha-channel-opacity\"\/>\n","protected":false},"excerpt":{"rendered":"<p>Naturopathe vitaliste, j\u2019accompagne les personnes confront\u00e9es au cancer, aux maladies chroniques ou auto-immunes, ainsi que leurs proches. J\u2019accompagne \u00e9galement celles et ceux traversant un deuil ou une p\u00e9riode de transition de vie, comme un changement professionnel, familial ou personnel important. Mon approche repose sur l\u2019\u00e9coute, l\u2019observation et l\u2019accompagnement global de la personne, en prenant en [&hellip;]<\/p>\n","protected":false},"author":1,"featured_media":0,"comment_status":"open","ping_status":"open","sticky":false,"template":"","format":"standard","meta":{"footnotes":""},"categories":[1],"tags":[],"class_list":["post-1","post","type-post","status-publish","format-standard","hentry","category-uncategorized"],"_links":{"self":[{"href":"https:\/\/www.celinepiters.fr\/index.php\/wp-json\/wp\/v2\/posts\/1","targetHints":{"allow":["GET"]}}],"collection":[{"href":"https:\/\/www.celinepiters.fr\/index.php\/wp-json\/wp\/v2\/posts"}],"about":[{"href":"https:\/\/www.celinepiters.fr\/index.php\/wp-json\/wp\/v2\/types\/post"}],"author":[{"embeddable":true,"href":"https:\/\/www.celinepiters.fr\/index.php\/wp-json\/wp\/v2\/users\/1"}],"replies":[{"embeddable":true,"href":"https:\/\/www.celinepiters.fr\/index.php\/wp-json\/wp\/v2\/comments?post=1"}],"version-history":[{"count":5,"href":"https:\/\/www.celinepiters.fr\/index.php\/wp-json\/wp\/v2\/posts\/1\/revisions"}],"predecessor-version":[{"id":22,"href":"https:\/\/www.celinepiters.fr\/index.php\/wp-json\/wp\/v2\/posts\/1\/revisions\/22"}],"wp:attachment":[{"href":"https:\/\/www.celinepiters.fr\/index.php\/wp-json\/wp\/v2\/media?parent=1"}],"wp:term":[{"taxonomy":"category","embeddable":true,"href":"https:\/\/www.celinepiters.fr\/index.php\/wp-json\/wp\/v2\/categories?post=1"},{"taxonomy":"post_tag","embeddable":true,"href":"https:\/\/www.celinepiters.fr\/index.php\/wp-json\/wp\/v2\/tags?post=1"}],"curies":[{"name":"wp","href":"https:\/\/api.w.org\/{rel}","templated":true}]}}